{"id":1925,"date":"2017-02-25T14:28:00","date_gmt":"2017-02-25T12:28:00","guid":{"rendered":"http:\/\/hannah-biedermann.de\/?p=1925"},"modified":"2017-03-06T11:26:07","modified_gmt":"2017-03-06T09:26:07","slug":"premiere-die-rote-zora","status":"publish","type":"post","link":"https:\/\/hannah-biedermann.de\/?p=1925","title":{"rendered":"Premiere &#8220;Die rote Zora&#8221;"},"content":{"rendered":"<p>&#8220;Hannah Biedermann macht daraus ein Theaterereignis.(\u2026)Was f\u00fcr eine B\u00fchne! Was f\u00fcr ein Kraftakt f\u00fcr (die Schauspieler*innen&#8230;). Hinrei\u00dfend wie sie rasend schnelle Umz\u00fcge bew\u00e4ltigen&#8230; Beeindruckend das Maskenspiel&#8230;Actionreich die wilde Tragkerl-Hatz. Herzergreifend die Unbehaustheit der Kinder. Dazu die Soundmaschine, das chorische Sprechen, die anmutig choreografierten Szenen zu Wasser und zu Land&#8230;Eine Aufforderung zum Weiterdenken. Und zum Denken gibt es jede Menge.&#8221;<br \/>\nDonaukurier, 6.3.2017<\/p>\n<p><a href=\"http:\/\/hannah-biedermann.de\/wp-content\/uploads\/zora5.jpg\"><img loading=\"lazy\" decoding=\"async\" class=\"alignleft size-large wp-image-1941\" src=\"http:\/\/hannah-biedermann.de\/wp-content\/uploads\/zora5-1024x683.jpg\" alt=\"zora5\" width=\"660\" height=\"440\" srcset=\"https:\/\/hannah-biedermann.de\/wp-content\/uploads\/zora5-1024x683.jpg 1024w, https:\/\/hannah-biedermann.de\/wp-content\/uploads\/zora5-300x200.jpg 300w, https:\/\/hannah-biedermann.de\/wp-content\/uploads\/zora5-768x512.jpg 768w\" sizes=\"auto, (max-width: 660px) 100vw, 660px\" \/><\/a><\/p>\n<p><strong>Premiere am 4.3.2017 um 18 Uhr<\/strong><br \/>\n<strong>Werkstatt\/Junges Theater Ingolstadt<\/strong><\/p>\n","protected":false},"excerpt":{"rendered":"<p>&#8220;Hannah Biedermann macht daraus ein Theaterereignis.(\u2026)Was f\u00fcr eine B\u00fchne! Was f\u00fcr ein Kraftakt f\u00fcr (die Schauspieler*innen&#8230;). Hinrei\u00dfend wie sie rasend schnelle Umz\u00fcge bew\u00e4ltigen&#8230; Beeindruckend das Maskenspiel&#8230;Actionreich die wilde Tragkerl-Hatz. Herzergreifend die Unbehaustheit der Kinder. Dazu die Soundmaschine, das chorische Sprechen, die anmutig choreografierten Szenen zu Wasser und zu Land&#8230;Eine Aufforderung zum Weiterdenken. Und zum Denken &hellip; <a href=\"https:\/\/hannah-biedermann.de\/?p=1925\" class=\"more-link\">Continue reading <span class=\"screen-reader-text\">Premiere &#8220;Die rote Zora&#8221;<\/span><\/a><\/p>\n","protected":false},"author":3,"featured_media":0,"comment_status":"closed","ping_status":"closed","sticky":false,"template":"","format":"standard","meta":{"footnotes":""},"categories":[1021],"tags":[],"class_list":["post-1925","post","type-post","status-publish","format-standard","hentry","category-gaschafft-aber-laeuft-noch"],"_links":{"self":[{"href":"https:\/\/hannah-biedermann.de\/index.php?rest_route=\/wp\/v2\/posts\/1925","targetHints":{"allow":["GET"]}}],"collection":[{"href":"https:\/\/hannah-biedermann.de\/index.php?rest_route=\/wp\/v2\/posts"}],"about":[{"href":"https:\/\/hannah-biedermann.de\/index.php?rest_route=\/wp\/v2\/types\/post"}],"author":[{"embeddable":true,"href":"https:\/\/hannah-biedermann.de\/index.php?rest_route=\/wp\/v2\/users\/3"}],"replies":[{"embeddable":true,"href":"https:\/\/hannah-biedermann.de\/index.php?rest_route=%2Fwp%2Fv2%2Fcomments&post=1925"}],"version-history":[{"count":4,"href":"https:\/\/hannah-biedermann.de\/index.php?rest_route=\/wp\/v2\/posts\/1925\/revisions"}],"predecessor-version":[{"id":1949,"href":"https:\/\/hannah-biedermann.de\/index.php?rest_route=\/wp\/v2\/posts\/1925\/revisions\/1949"}],"wp:attachment":[{"href":"https:\/\/hannah-biedermann.de\/index.php?rest_route=%2Fwp%2Fv2%2Fmedia&parent=1925"}],"wp:term":[{"taxonomy":"category","embeddable":true,"href":"https:\/\/hannah-biedermann.de\/index.php?rest_route=%2Fwp%2Fv2%2Fcategories&post=1925"},{"taxonomy":"post_tag","embeddable":true,"href":"https:\/\/hannah-biedermann.de\/index.php?rest_route=%2Fwp%2Fv2%2Ftags&post=1925"}],"curies":[{"name":"wp","href":"https:\/\/api.w.org\/{rel}","templated":true}]}}